{"id":2293,"date":"2024-06-18T00:01:47","date_gmt":"2024-06-18T00:01:47","guid":{"rendered":"http:\/\/iacui.uach.cl\/?p=2293"},"modified":"2024-06-18T00:02:11","modified_gmt":"2024-06-18T00:02:11","slug":"academica-sandra-marin-integra-comite-cientifico-del-congreso-nacional-impactos-y-estrategias-de-prevencion-y-control-de-la-caligidosis-en-la-salmonicultura-chilena","status":"publish","type":"post","link":"https:\/\/iacui.uach.cl\/?p=2293","title":{"rendered":"Acad\u00e9mica Sandra Mar\u00edn integra Comit\u00e9 Cient\u00edfico del Congreso \u201cImpactos y estrategias de prevenci\u00f3n y control de la caligidosis en la salmonicultura chilena"},"content":{"rendered":"<p class=\"subtitle t20 tm16\" style=\"text-align: center;\">Investigadores de distintas universidades, centros de investigaci\u00f3n e institutos ser\u00e1n parte de este importante evento que se celebrar\u00e1 en Puerto Varas.<\/p>\n<div class=\"ffs-sep\" id=\"ffs-sep-63\" style=\"border-bottom:1px solid #ebebeb;  height:10px; \"><\/div><div class=\"clearfix\"><\/div>\n<p style=\"text-align: justify;\">La Dra. Sandra Mar\u00edn, acad\u00e9mica del Instituto de Acuicultura de la Universidad Austral de Chile (UACh) Sede Puerto Montt, ser\u00e1 parte del Comit\u00e9 Cient\u00edfico de la&nbsp;segunda edici\u00f3n del Congreso Nacional \u201cImpactos y estrategias de prevenci\u00f3n y control de la caligidosis en la salmonicultura chilena\u201d, el que se realizar\u00e1 el pr\u00e9ximo 22 y 23 de octubre en el Hotel Cumbres de Puerto Varas.<\/p>\n<p style=\"text-align: justify;\">El Congreso est\u00e1 siendo organizado conjuntamente por el Centro Interdisciplinario para la Investigaci\u00f3n Acu\u00edcola (Incar), el Instituto de Acuicultura de la Universidad Austral de Chile e INTENSAL, y se espera contar con la participaci\u00f3n de cerca&nbsp;de 150 representantes del \u00e1mbito acad\u00e9mico, productivo y de venta de productos y servicios.<\/p>\n<p style=\"text-align: justify;\">En ese contexto, la Dra. Sandra Mar\u00edn junto a los dem\u00e1s integrantes del Comit\u00e9 Cient\u00edfico tendr\u00e1n la responsabilidad de&nbsp;evaluar los res\u00famenes de investigadores, proponer oradores de las charlas magistrales, moderar sesiones tem\u00e1ticas y liderar talleres t\u00e9cnicos.<\/p>\n<p style=\"text-align: justify;\">En el Comit\u00e9 Cient\u00edfico tambi\u00e9n participar\u00e1n Alex Romero, de la Universidad Austral de Chile; Valentina Valenzuela, Diego Valenzuela y Cristi\u00e1n Gallardo, del Centro INCAR; Felipe Reyes, de la Universidad de Santiago de Chile; Margarita Gonzalez, de la Universidad San Sebasti\u00e1n, Jaime Montory; de la Universidad de Los Lagos, y Jaiber Solano, del Instituto de Fomento Pesquero.&nbsp;<\/p>\n<p style=\"text-align: justify;\">El Congreso entregar\u00e1 una instancia para conocer nuevas investigaciones, tratamientos y estrategias que contribuyan a un control&nbsp;m\u00e1s efectivo de la<em> Caligidosis&nbsp;<\/em>en la salmonicultura de nuestro pa\u00eds.<\/p>\n","protected":false},"excerpt":{"rendered":"<p>Investigadores de distintas universidades, centros de investigaci\u00f3n e institutos ser\u00e1n parte de este importante evento que se celebrar\u00e1 en Puerto Varas. La Dra. Sandra Mar\u00edn, acad\u00e9mica del Instituto de Acuicultura de la Universidad Austral de Chile (UACh) Sede Puerto Montt, &hellip; <a href=\"https:\/\/iacui.uach.cl\/?p=2293\">Continue reading <span class=\"meta-nav\">&rarr;<\/span><\/a><\/p>\n","protected":false},"author":4,"featured_media":2294,"comment_status":"open","ping_status":"open","sticky":false,"template":"","format":"standard","meta":{"ngg_post_thumbnail":0,"footnotes":""},"categories":[3],"tags":[],"class_list":["post-2293","post","type-post","status-publish","format-standard","has-post-thumbnail","hentry","category-noticias"],"_links":{"self":[{"href":"https:\/\/iacui.uach.cl\/index.php?rest_route=\/wp\/v2\/posts\/2293"}],"collection":[{"href":"https:\/\/iacui.uach.cl\/index.php?rest_route=\/wp\/v2\/posts"}],"about":[{"href":"https:\/\/iacui.uach.cl\/index.php?rest_route=\/wp\/v2\/types\/post"}],"author":[{"embeddable":true,"href":"https:\/\/iacui.uach.cl\/index.php?rest_route=\/wp\/v2\/users\/4"}],"replies":[{"embeddable":true,"href":"https:\/\/iacui.uach.cl\/index.php?rest_route=%2Fwp%2Fv2%2Fcomments&post=2293"}],"version-history":[{"count":2,"href":"https:\/\/iacui.uach.cl\/index.php?rest_route=\/wp\/v2\/posts\/2293\/revisions"}],"predecessor-version":[{"id":2296,"href":"https:\/\/iacui.uach.cl\/index.php?rest_route=\/wp\/v2\/posts\/2293\/revisions\/2296"}],"wp:featuredmedia":[{"embeddable":true,"href":"https:\/\/iacui.uach.cl\/index.php?rest_route=\/wp\/v2\/media\/2294"}],"wp:attachment":[{"href":"https:\/\/iacui.uach.cl\/index.php?rest_route=%2Fwp%2Fv2%2Fmedia&parent=2293"}],"wp:term":[{"taxonomy":"category","embeddable":true,"href":"https:\/\/iacui.uach.cl\/index.php?rest_route=%2Fwp%2Fv2%2Fcategories&post=2293"},{"taxonomy":"post_tag","embeddable":true,"href":"https:\/\/iacui.uach.cl\/index.php?rest_route=%2Fwp%2Fv2%2Ftags&post=2293"}],"curies":[{"name":"wp","href":"https:\/\/api.w.org\/{rel}","templated":true}]}}